{"id":11161,"date":"2018-08-02T11:51:46","date_gmt":"2018-08-02T10:51:46","guid":{"rendered":"https:\/\/reuniwatt.com\/fr\/?p=11161"},"modified":"2024-08-16T11:06:42","modified_gmt":"2024-08-16T10:06:42","slug":"meteorological-technology-world-expo-2018","status":"publish","type":"post","link":"https:\/\/reuniwatt.com\/fr\/evenements\/meteorological-technology-world-expo-2018\/","title":{"rendered":"Meteorological Technology World Expo 2018"},"content":{"rendered":"<p><strong>Reuniwatt sera pr\u00e9sente au prochain salon Meteorological Technology World Expo, le plus grand salon de m\u00e9t\u00e9orologie du monde, qui se d\u00e9roulera \u00e0 Amsterdam (Pays Bas) du 10 au 12 octobre 2018.<\/strong><\/p>\n<p style=\"text-align: justify;\"><!--more--><\/p>\n<p>Nos repr\u00e9sentants vous attendrons sur le stand 1008, o\u00f9 vous pourrez d\u00e9couvrir notre gamme compl\u00e8te pour l&rsquo;observation des nuages.<\/p>\n<p>Plus d&rsquo;informations sur l&rsquo;\u00e9v\u00e9nement <strong><a href=\"http:\/\/www.meteorologicaltechnologyworldexpo.com\" target=\"_blank\" rel=\"noopener\">ici<\/a><\/strong>.<br \/>\n<div class=\"fusion-fullwidth fullwidth-box fusion-builder-row-1 fusion-flex-container hundred-percent-fullwidth non-hundred-percent-height-scrolling\" style=\"--awb-border-radius-top-left:0px;--awb-border-radius-top-right:0px;--awb-border-radius-bottom-right:0px;--awb-border-radius-bottom-left:0px;--awb-overflow:visible;--awb-flex-wrap:wrap;\" ><div class=\"fusion-builder-row fusion-row fusion-flex-align-items-flex-start fusion-flex-content-wrap\" style=\"width:calc( 100% + 0px ) !important;max-width:calc( 100% + 0px ) !important;margin-left: calc(-0px \/ 2 );margin-right: calc(-0px \/ 2 );\"><div class=\"fusion-layout-column fusion_builder_column fusion-builder-column-0 fusion_builder_column_1_1 1_1 fusion-flex-column fusion-flex-align-self-flex-start fusion-column-no-min-height\" style=\"--awb-bg-size:cover;--awb-width-large:100%;--awb-margin-top-large:0px;--awb-spacing-right-large:0px;--awb-margin-bottom-large:0px;--awb-spacing-left-large:0px;--awb-width-medium:100%;--awb-spacing-right-medium:0px;--awb-spacing-left-medium:0px;--awb-width-small:100%;--awb-spacing-right-small:0px;--awb-spacing-left-small:0px;\"><div class=\"fusion-column-wrapper fusion-flex-justify-content-flex-start fusion-content-layout-column\"><div style=\"text-align:center;\"><a class=\"fusion-button button-flat button-large button-custom fusion-button-default button-1 fusion-button-default-span fusion-button-default-type\" style=\"--button_accent_color:#cc0000;--button_accent_hover_color:#cc3939;--button_border_hover_color:#cc3939;--button_border_width-top:2px;--button_border_width-right:2px;--button_border_width-bottom:2px;--button_border_width-left:2px;--button_gradient_top_color:#ffffff;--button_gradient_bottom_color:#ffffff;--button_gradient_top_color_hover:#fafafa;--button_gradient_bottom_color_hover:#fafafa;\" target=\"_self\" href=\"mailto:marion.lafuma@reuniwatt.com\"><span class=\"fusion-button-text awb-button__text awb-button__text--default\">Organiser un RDV<\/span><\/a><\/div><\/div><\/div><\/div><\/div><\/p>\n","protected":false},"excerpt":{"rendered":"<p>Reuniwatt sera pr\u00e9sente au prochain salon Meteorological Technology World Expo, le plus grand salon de m\u00e9t\u00e9orologie du monde, qui se d\u00e9roulera \u00e0 Amsterdam (Pays Bas) du 10 au 12 octobre 2018.<\/p>\n","protected":false},"author":2,"featured_media":11162,"comment_status":"open","ping_status":"open","sticky":false,"template":"","format":"standard","meta":{"content-type":"","footnotes":""},"categories":[49],"tags":[],"class_list":["post-11161","post","type-post","status-publish","format-standard","has-post-thumbnail","hentry","category-evenements"],"_links":{"self":[{"href":"https:\/\/reuniwatt.com\/fr\/wp-json\/wp\/v2\/posts\/11161","targetHints":{"allow":["GET"]}}],"collection":[{"href":"https:\/\/reuniwatt.com\/fr\/wp-json\/wp\/v2\/posts"}],"about":[{"href":"https:\/\/reuniwatt.com\/fr\/wp-json\/wp\/v2\/types\/post"}],"author":[{"embeddable":true,"href":"https:\/\/reuniwatt.com\/fr\/wp-json\/wp\/v2\/users\/2"}],"replies":[{"embeddable":true,"href":"https:\/\/reuniwatt.com\/fr\/wp-json\/wp\/v2\/comments?post=11161"}],"version-history":[{"count":4,"href":"https:\/\/reuniwatt.com\/fr\/wp-json\/wp\/v2\/posts\/11161\/revisions"}],"predecessor-version":[{"id":13899,"href":"https:\/\/reuniwatt.com\/fr\/wp-json\/wp\/v2\/posts\/11161\/revisions\/13899"}],"wp:featuredmedia":[{"embeddable":true,"href":"https:\/\/reuniwatt.com\/fr\/wp-json\/wp\/v2\/media\/11162"}],"wp:attachment":[{"href":"https:\/\/reuniwatt.com\/fr\/wp-json\/wp\/v2\/media?parent=11161"}],"wp:term":[{"taxonomy":"category","embeddable":true,"href":"https:\/\/reuniwatt.com\/fr\/wp-json\/wp\/v2\/categories?post=11161"},{"taxonomy":"post_tag","embeddable":true,"href":"https:\/\/reuniwatt.com\/fr\/wp-json\/wp\/v2\/tags?post=11161"}],"curies":[{"name":"wp","href":"https:\/\/api.w.org\/{rel}","templated":true}]}}