{"id":5082,"date":"2014-05-09T13:54:59","date_gmt":"2014-05-09T12:54:59","guid":{"rendered":"https:\/\/reuniwatt.com\/fr\/?p=5082"},"modified":"2024-12-03T12:12:44","modified_gmt":"2024-12-03T11:12:44","slug":"nouvelle-donne-photovoltaique-22","status":"publish","type":"post","link":"https:\/\/reuniwatt.com\/fr\/actu-industrie\/nouvelle-donne-photovoltaique-22\/","title":{"rendered":"Nouvelle donne pour le photovolta\u00efque (2\/2)"},"content":{"rendered":"<p>Nous f\u00eatons cette ann\u00e9e les 60 ans de l\u2019invention de la cellule solaire. Depuis 1954, le photovolta\u00efque a bien \u00e9volu\u00e9\u00a0; les avanc\u00e9es technologiques et l\u2019\u00e9conomie d\u2019\u00e9chelle ont permis de rendre cette source d\u2019\u00e9nergie de plus en plus comp\u00e9titive, <a href=\"https:\/\/reuniwatt.com\/fr\/2014\/04\/15\/nouvelle-donne-photovoltaique\/\"><strong>comme nous l\u2019avions vu pr\u00e9c\u00e9demment<\/strong><\/a>.<\/p>\n<p>Aujourd\u2019hui, les r\u00e9serves pouvant \u00eatre \u00e9mises quant \u00e0 l\u2019insertion massive du photovolta\u00efque dans le mix \u00e9nerg\u00e9tique sont les suivantes\u00a0:<\/p>\n<ul>\n<li>L\u2019\u00e9nergie solaire \u2013 tout comme l\u2019\u00e9nergie \u00e9olienne \u2013 est <strong>intermittente<\/strong>, et peu ou <strong>pas pilotable<\/strong> du fait de sa d\u00e9pendance aux conditions m\u00e9t\u00e9orologiques.<\/li>\n<li>La production se fait de mani\u00e8re <strong>d\u00e9centralis\u00e9e<\/strong> sur l\u2019ensemble du territoire, ce qui constitue un changement par rapport aux centrales d\u2019\u00e9nergies fossiles.<\/li>\n<\/ul>\n<p>De nombreuses institutions et soci\u00e9t\u00e9s r\u00e9fl\u00e9chissent actuellement \u00e0 des sc\u00e9narios globaux de <strong>transition \u00e9nerg\u00e9tique<\/strong>, visant \u00e0 promouvoir l\u2019utilisation du photovolta\u00efque et de l\u2019\u00e9olien \u2013 ces technologies renouvelables \u00e9tant reconnues comme celles ayant le potentiel le plus \u00e9lev\u00e9. Voyons en quoi ces sc\u00e9narios permettent d\u2019\u00eatre optimistes quant \u00e0 une large int\u00e9gration de ces \u00e9nergies dites intermittentes.<\/p>\n<h3><i>Variabilit\u00e9, intermittence et pr\u00e9vision<\/i><\/h3>\n<p>L\u2019\u00e9nergie solaire est intermittente, mais ses fluctuations sont pr\u00e9visibles, en ce qu\u2019elles d\u00e9pendent de cycles et de ph\u00e9nom\u00e8nes naturels. De plus,<strong> la pr\u00e9vision de la production d\u2019\u00e9nergie photovolta\u00efque<\/strong>\u00a0\u00e0 diff\u00e9rents horizons temporels (horaire, journalier) permet aujourd\u2019hui d\u2019obtenir une bonne pr\u00e9cision. Il est alors possible pour le producteur de pr\u00e9voir sa production solaire \u00e0 l\u2019avance et d\u2019en informer le gestionnaire de r\u00e9seau, qui pourra alors planifier pr\u00e9cis\u00e9ment les besoins en sources d\u2019appoint. La s\u00e9curit\u00e9 et la fiabilit\u00e9 du r\u00e9seau sont ainsi pr\u00e9serv\u00e9es.<\/p>\n<p>A ceux qui se demandent si le gestionnaire de r\u00e9seau est en mesure de s\u2019adapter \u00e0 la variabilit\u00e9 de la production, on peut faire remarquer que les sources d\u2019\u00e9nergie traditionnelles ont aussi leurs hauts et leurs bas. Ainsi, une centrale nucl\u00e9aire est en \u00e9tat de fonctionnement 83% du temps en moyenne pendant l\u2019ann\u00e9e, sa dur\u00e9e d\u2019inactivit\u00e9 \u00e9tant due principalement \u00e0 des op\u00e9rations de maintenance \u2013 programm\u00e9es ou non. Les chiffres sont de 86 % d\u2019\u00e9tat de service pour une centrale au gaz, et 88% pour une centrale au charbon. Les op\u00e9rateurs du r\u00e9seau ont mis en place des m\u00e9canismes pour r\u00e9agir face \u00e0 ces carences de production, appel\u00e9s <strong>services syst\u00e8mes<\/strong> et <strong>m\u00e9canisme d\u2019ajustement<\/strong>.<\/p>\n<h3><i>Mix \u00e9nerg\u00e9tique et foisonnement<\/i><\/h3>\n<p>La production d\u2019\u00e9nergie photovolta\u00efque subit des fortes variations journali\u00e8res (l\u2019intensit\u00e9 du rayonnement suit la course du Soleil) et saisonni\u00e8res (l\u2019intensit\u00e9 du rayonnement est plus forte en \u00e9t\u00e9 qu\u2019en hiver), et d\u00e9pend en plus des conditions climatiques (de la couche nuageuse principalement). Un syst\u00e8me photovolta\u00efque produira selon les conditions entre 5% et 100% de sa puissance cr\u00eate en journ\u00e9e. Sachant cela, on comprend l\u2019int\u00e9r\u00eat de coupler les \u00e9nergies \u00e9olienne et solaire\u00a0; de mani\u00e8re g\u00e9n\u00e9rale le vent souffle quand il y a peu de soleil, et inversement.<\/p>\n<p style=\"text-align: center\">\u00a0<a href=\"https:\/\/reuniwatt.com\/fr\/wp-content\/uploads\/sites\/2\/2014\/05\/mix_energetique2.jpg\"><img decoding=\"async\" class=\" wp-image-5087 aligncenter\" src=\"https:\/\/reuniwatt.com\/fr\/wp-content\/uploads\/sites\/2\/2014\/05\/mix_energetique2.jpg\" alt=\"mix_energetique_photovolta\u00efque\" width=\"600\" srcset=\"https:\/\/reuniwatt.com\/fr\/wp-content\/uploads\/sites\/2\/2014\/05\/mix_energetique2-300x196.jpg 300w, https:\/\/reuniwatt.com\/fr\/wp-content\/uploads\/sites\/2\/2014\/05\/mix_energetique2.jpg 583w\" sizes=\"(max-width: 583px) 100vw, 583px\" \/><\/a><\/p>\n<p style=\"text-align: center;margin: auto;width: 80%\"><i>Le graphe ci-dessus repr\u00e9sente la production et la consommation pour une semaine type en Allemagne en 2022, selon un sc\u00e9nario dans lequel les \u00e9nergies renouvelables constituent une part importante du mix \u00e9nerg\u00e9tique. Le mardi et le jeudi correspondent \u00e0 des journ\u00e9es ensoleill\u00e9es et venteuses, o\u00f9 la production photovolta\u00efque et \u00e9olienne couvre l\u2019ensemble de la demande d\u2019\u00e9lectricit\u00e9. Le reste du temps, des combustibles fossiles sont utilis\u00e9s pour faire l\u2019appoint.*<\/i><\/p>\n<p>&nbsp;<\/p>\n<p>De m\u00eame, bien qu\u2019elles imposent des co\u00fbts d\u2019exploitation plus \u00e9lev\u00e9s et donc une rentabilit\u00e9 inf\u00e9rieure, les installations de biomasse ou de cog\u00e9n\u00e9ration permettent de r\u00e9pondre quasi instantan\u00e9ment \u00e0 la demande. On comprend l\u00e0 tout l\u2019int\u00e9r\u00eat d\u2019assurer un <b>mix<\/b> entre des sources d\u2019\u00e9nergie vari\u00e9es.<\/p>\n<p>A l\u2019\u00e9chelle d\u2019un pays intervient aussi un ph\u00e9nom\u00e8ne de <b>foisonnement<\/b> des points de production\u00a0; le cumul de la production venant de multiples sources \u00e9loign\u00e9es fluctue moins que chaque source prise ind\u00e9pendamment. Le travail sur les <b>interconnexions<\/b> entre r\u00e9seaux nationaux \u00e0 l\u2019\u00e9chelle europ\u00e9enne, en cours de r\u00e9alisation, permet de renforcer les \u00e9changes d\u2019\u00e9lectricit\u00e9, stabilisant par la m\u00eame occasion les prix sur le march\u00e9.<\/p>\n<p style=\"text-align: center\">\u00a0<a href=\"https:\/\/reuniwatt.com\/fr\/wp-content\/uploads\/sites\/2\/2014\/05\/interet_foisonnement.png\"><img decoding=\"async\" class=\"wp-image-5090 aligncenter\" src=\"https:\/\/reuniwatt.com\/fr\/wp-content\/uploads\/sites\/2\/2014\/05\/interet_foisonnement.png\" alt=\"interet_foisonnement_photovoltaique\" width=\"600\" height=\"402\" srcset=\"https:\/\/reuniwatt.com\/fr\/wp-content\/uploads\/sites\/2\/2014\/05\/interet_foisonnement-300x201.png 300w, https:\/\/reuniwatt.com\/fr\/wp-content\/uploads\/sites\/2\/2014\/05\/interet_foisonnement.png 879w\" sizes=\"(max-width: 600px) 100vw, 600px\" \/><\/a><\/p>\n<p style=\"text-align: center;margin: auto;width: 80%\"><i>Le graphe ci-dessus illustre l\u2019int\u00e9r\u00eat de la mise en place d\u2019interconnexions pour \u00ab\u00a0lisser\u00a0\u00bb la demande. Un m\u00eame effet de lissage a lieu pour la production gr\u00e2ce au foisonnement.*<\/i><\/p>\n<p>&nbsp;<\/p>\n<h3><i>Vers plus d\u2019efficacit\u00e9 \u00e9nerg\u00e9tique<\/i><\/h3>\n<p>Cependant, le mix \u00e9nerg\u00e9tique doit \u00eatre accompagn\u00e9 d&rsquo;une meilleure utilisation de l&rsquo;\u00e9nergie du c\u00f4t\u00e9 des consommateurs \u00e9galement. Gr\u00e2ce \u00e0 l&rsquo;<strong>efficacit\u00e9 \u00e9nerg\u00e9tique<\/strong>, et par la seule mise en place de mesures incitatives, de s\u00e9rieux progr\u00e8s peuvent \u00eatre faits. Cela permet de r\u00e9duire les co\u00fbts globaux du syst\u00e8me\u00a0: moins d\u2019investissements dans de nouvelles centrales, moins d\u2019\u00e9lectricit\u00e9 \u00e0 transporter, moins d\u2019\u00e9carts \u00e0 g\u00e9rer. En somme, <b>le kilowattheure le plus rentable est celui qu\u2019on \u00e9conomise<\/b>.<\/p>\n<p>L\u2019efficacit\u00e9 \u00e9nerg\u00e9tique est un d\u00e9fi important pour les politiques publiques. D\u2019ici \u00e0 2050, la demande mondiale d\u2019\u00e9nergie devrait doubler. Dans le m\u00eame temps, il est crucial de r\u00e9duire les \u00e9missions de CO2 afin de limiter le r\u00e9chauffement climatique. Pour ce faire, il faut parvenir \u00e0 am\u00e9liorer la productivit\u00e9 \u00e9nerg\u00e9tique (unit\u00e9 de PIB par unit\u00e9 d\u2019\u00e9nergie consomm\u00e9e), c\u2019est-\u00e0-dire d\u00e9corr\u00e9ler la consommation \u00e9nerg\u00e9tique de la croissance \u00e9conomique.<\/p>\n<h3><i>Conclusion<\/i><\/h3>\n<p>D&rsquo;innovation en innovation, de politique en politique, l\u2019avenir du syst\u00e8me \u00e9nerg\u00e9tique se pr\u00e9cise petit \u00e0 petit, et les \u00e9nergies renouvelables en sont un \u00e9l\u00e9ment cl\u00e9. Des sc\u00e9narios tr\u00e8s diff\u00e9rents sont imagin\u00e9s, mais il semble certain qu&rsquo;\u00e0 l&rsquo;avenir on ne se passera plus de la consid\u00e9rable ressource \u00e9nerg\u00e9tique qu&rsquo;offre le Soleil. Les \u00e9volutions technologiques du domaine permettront de mieux la comprendre, la pr\u00e9voir et la dompter.<\/p>\n<p><i>*Source des illustrations\u00a0:<\/i>\u00a0 <a href=\"http:\/\/www.agora-energiewende.org\/\" target=\"_blank\" rel=\"noopener\">http:\/\/www.agora-energiewende.org\/<\/a><\/p>\n","protected":false},"excerpt":{"rendered":"<p>Nous f\u00eatons cette ann\u00e9e les 60 ans de l\u2019invention de la cellule solaire. Depuis 1954, le photovolta\u00efque a bien \u00e9volu\u00e9\u00a0; les avanc\u00e9es technologiques et l\u2019\u00e9conomie d\u2019\u00e9chelle ont permis de rendre cette source d\u2019\u00e9nergie de plus en plus comp\u00e9titive, comme nous l\u2019avions vu pr\u00e9c\u00e9demment. Aujourd\u2019hui, les r\u00e9serves pouvant \u00eatre \u00e9mises quant \u00e0 l\u2019insertion massive du photovolta\u00efque dans le mix \u00e9nerg\u00e9tique sont les suivantes\u00a0: L\u2019\u00e9nergie solaire \u2013<\/p>\n","protected":false},"author":3,"featured_media":5095,"comment_status":"open","ping_status":"open","sticky":false,"template":"","format":"standard","meta":{"footnotes":""},"categories":[32],"tags":[68,67,64,66,47,65,63],"class_list":["post-5082","post","type-post","status-publish","format-standard","has-post-thumbnail","hentry","category-actu-industrie","tag-efficacite-energetique","tag-foisonnement","tag-intermittence","tag-mix-energetique","tag-photovoltaique","tag-prevision","tag-transition-energetique"],"_links":{"self":[{"href":"https:\/\/reuniwatt.com\/fr\/wp-json\/wp\/v2\/posts\/5082","targetHints":{"allow":["GET"]}}],"collection":[{"href":"https:\/\/reuniwatt.com\/fr\/wp-json\/wp\/v2\/posts"}],"about":[{"href":"https:\/\/reuniwatt.com\/fr\/wp-json\/wp\/v2\/types\/post"}],"author":[{"embeddable":true,"href":"https:\/\/reuniwatt.com\/fr\/wp-json\/wp\/v2\/users\/3"}],"replies":[{"embeddable":true,"href":"https:\/\/reuniwatt.com\/fr\/wp-json\/wp\/v2\/comments?post=5082"}],"version-history":[{"count":10,"href":"https:\/\/reuniwatt.com\/fr\/wp-json\/wp\/v2\/posts\/5082\/revisions"}],"predecessor-version":[{"id":14124,"href":"https:\/\/reuniwatt.com\/fr\/wp-json\/wp\/v2\/posts\/5082\/revisions\/14124"}],"wp:featuredmedia":[{"embeddable":true,"href":"https:\/\/reuniwatt.com\/fr\/wp-json\/wp\/v2\/media\/5095"}],"wp:attachment":[{"href":"https:\/\/reuniwatt.com\/fr\/wp-json\/wp\/v2\/media?parent=5082"}],"wp:term":[{"taxonomy":"category","embeddable":true,"href":"https:\/\/reuniwatt.com\/fr\/wp-json\/wp\/v2\/categories?post=5082"},{"taxonomy":"post_tag","embeddable":true,"href":"https:\/\/reuniwatt.com\/fr\/wp-json\/wp\/v2\/tags?post=5082"}],"curies":[{"name":"wp","href":"https:\/\/api.w.org\/{rel}","templated":true}]}}