{"id":6062,"date":"2015-08-28T15:53:32","date_gmt":"2015-08-28T14:53:32","guid":{"rendered":"https:\/\/reuniwatt.com\/fr\/?p=6062"},"modified":"2024-08-16T13:50:31","modified_gmt":"2024-08-16T12:50:31","slug":"reuniwatt-a-la-conference-eu-pvsec-2015","status":"publish","type":"post","link":"https:\/\/reuniwatt.com\/fr\/evenements\/reuniwatt-a-la-conference-eu-pvsec-2015\/","title":{"rendered":"Reuniwatt \u00e0 la conf\u00e9rence EU PVSEC 2015"},"content":{"rendered":"<p><strong>\u00a0<\/strong><\/p>\n<h4>Reuniwatt participera cette ann\u00e9e encore \u00e0 la prochaine conf\u00e9rence <a href=\"https:\/\/www.photovoltaic-conference.com\/\" target=\"_blank\" rel=\"noopener\"><strong>EU PVSEC 2015<\/strong><\/a>, qui se d\u00e9roulera \u00e0 Hambourg (Allemagne), du 14 au 18 septembre. EU PVSEC est reconnue comme \u00e9tant la plus grande conf\u00e9rence internationale portant sur la recherche, les technologies et les applications du photovolta\u00efque.<\/h4>\n<div class=\"fusion-fullwidth fullwidth-box fusion-builder-row-1 fusion-flex-container hundred-percent-fullwidth non-hundred-percent-height-scrolling\" style=\"--awb-border-radius-top-left:0px;--awb-border-radius-top-right:0px;--awb-border-radius-bottom-right:0px;--awb-border-radius-bottom-left:0px;--awb-overflow:visible;--awb-flex-wrap:wrap;\" ><div class=\"fusion-builder-row fusion-row fusion-flex-align-items-flex-start fusion-flex-content-wrap\" style=\"width:calc( 100% + 0px ) !important;max-width:calc( 100% + 0px ) !important;margin-left: calc(-0px \/ 2 );margin-right: calc(-0px \/ 2 );\"><div class=\"fusion-layout-column fusion_builder_column fusion-builder-column-0 fusion_builder_column_1_1 1_1 fusion-flex-column fusion-flex-align-self-flex-start fusion-column-no-min-height\" style=\"--awb-bg-size:cover;--awb-width-large:100%;--awb-margin-top-large:0px;--awb-spacing-right-large:0px;--awb-margin-bottom-large:0px;--awb-spacing-left-large:0px;--awb-width-medium:100%;--awb-spacing-right-medium:0px;--awb-spacing-left-medium:0px;--awb-width-small:100%;--awb-spacing-right-small:0px;--awb-spacing-left-small:0px;\"><div class=\"fusion-column-wrapper fusion-flex-justify-content-flex-start fusion-content-layout-column\"><div style=\"text-align:center;\"><a class=\"fusion-button button-flat fusion-button-default-size button-default fusion-button-default button-1 fusion-button-default-span fusion-button-default-type\" target=\"_self\" href=\"#\" data-toggle=\"modal\" data-target=\".fusion-modal.modalcontact\"><span class=\"fusion-button-text awb-button__text awb-button__text--default\">Rencontrez-nous<\/span><\/a><\/div>\nCette ann\u00e9e, vous pourrez nous retrouver <strong>lors de plusieurs pr\u00e9sentations<\/strong> :<\/p>\n<\/div><\/div><div class=\"fusion-layout-column fusion_builder_column fusion-builder-column-1 fusion_builder_column_1_1 1_1 fusion-flex-column fusion-flex-align-self-flex-start fusion-column-no-min-height\" style=\"--awb-bg-size:cover;--awb-width-large:100%;--awb-margin-top-large:0px;--awb-spacing-right-large:0px;--awb-margin-bottom-large:0px;--awb-spacing-left-large:0px;--awb-width-medium:100%;--awb-spacing-right-medium:0px;--awb-spacing-left-medium:0px;--awb-width-small:100%;--awb-spacing-right-small:0px;--awb-spacing-left-small:0px;\"><div class=\"fusion-column-wrapper fusion-flex-justify-content-flex-start fusion-content-layout-column\"><div class=\"fusion-reading-box-container reading-box-container-1 fusion-animated\" style=\"--awb-title-color:#333333;--awb-margin-top:0px;--awb-margin-bottom:20px;\" data-animationType=\"fadeInDown\" data-animationDuration=\"0.5\" data-animationOffset=\"top-into-view\"><div class=\"reading-box reading-box-center\" style=\"background-color:#f6f6f6;border-width:1px;border-color:#f6f6f6;border-bottom-width:3px;border-bottom-color:var(--primary_color);border-style:solid;\"><h2>Poster: les m\u00e9thodes de pr\u00e9vision par images satellite<\/h2><div class=\"reading-box-additional fusion-reading-box-additional\">Jeudi 15 septembre, ne manquez pas la pr\u00e9sentation de notre nouveau poster :<strong> <em>\u00ab\u00a0Soleksat, a fexible solar irradiance forecasting tool using satellite images and geographic web-services\u00a0\u00bb<\/em><\/strong>. Celle-ci aura lieu entre 8h30 et 10h, durant la session 5BV.1, qui a pour th\u00e8me <em>Meteorology, Online Monitoring, IR imaging<\/em><\/div><div class=\"fusion-clearfix\"><\/div><\/div><\/div>\n<\/div><\/div><div class=\"fusion-layout-column fusion_builder_column fusion-builder-column-2 fusion_builder_column_1_1 1_1 fusion-flex-column fusion-flex-align-self-flex-start fusion-column-no-min-height\" style=\"--awb-bg-size:cover;--awb-width-large:100%;--awb-margin-top-large:0px;--awb-spacing-right-large:0px;--awb-margin-bottom-large:0px;--awb-spacing-left-large:0px;--awb-width-medium:100%;--awb-spacing-right-medium:0px;--awb-spacing-left-medium:0px;--awb-width-small:100%;--awb-spacing-right-small:0px;--awb-spacing-left-small:0px;\"><div class=\"fusion-column-wrapper fusion-flex-justify-content-flex-start fusion-content-layout-column\"><div class=\"fusion-reading-box-container reading-box-container-2 fusion-animated\" style=\"--awb-title-color:#333333;--awb-margin-top:0px;--awb-margin-bottom:20px;\" data-animationType=\"fadeInDown\" data-animationDuration=\"0.5\" data-animationOffset=\"top-into-view\"><div class=\"reading-box reading-box-center\" style=\"background-color:#f6f6f6;border-width:1px;border-color:#f6f6f6;border-bottom-width:3px;border-bottom-color:var(--primary_color);border-style:solid;\"><h2>Pr\u00e9sentation orale : benchmark sur la performance des pr\u00e9visions par satellite<\/h2><div class=\"reading-box-additional fusion-reading-box-additional\">Le jeudi 17 septembre, Elke Lorenz, chercheur\u00a0\u00e0 l&rsquo;universit\u00e9 d&rsquo;Oldenbourg (Allemagne), pr\u00e9sentera les r\u00e9sultats d&rsquo;une \u00e9tude men\u00e9e en collaboration avec Reuniwatt, <a title=\"Reuniwatt membre de la T\u00e2che 46 de l\u2019Agence Internationale de l\u2019Energie\" href=\"https:\/\/reuniwatt.com\/fr\/2015\/08\/13\/reuniwatt-membre-iea-tache-46\/\">dans le cadre de la t\u00e2che 46 de l&rsquo;AIE (Agence Internationale de l&rsquo;Energie)<\/a>. La pr\u00e9sentation orale aura lieu entre 9h50 et 11h20, durant la session 5DP.1, intitul\u00e9e <em><strong>\u00ab\u00a0Comparison of Irradiance Forecasts Based on Numerical Weather Prediction and Satellite Data for Central and Northern Europe\u00a0\u00bb<\/strong><\/em><\/div><div class=\"fusion-clearfix\"><\/div><\/div><\/div>\n<\/div><\/div><div class=\"fusion-layout-column fusion_builder_column fusion-builder-column-3 fusion_builder_column_1_1 1_1 fusion-flex-column fusion-flex-align-self-flex-start fusion-column-no-min-height\" style=\"--awb-bg-size:cover;--awb-width-large:100%;--awb-margin-top-large:0px;--awb-spacing-right-large:0px;--awb-margin-bottom-large:0px;--awb-spacing-left-large:0px;--awb-width-medium:100%;--awb-spacing-right-medium:0px;--awb-spacing-left-medium:0px;--awb-width-small:100%;--awb-spacing-right-small:0px;--awb-spacing-left-small:0px;\"><div class=\"fusion-column-wrapper fusion-flex-justify-content-flex-start fusion-content-layout-column\"><div class=\"fusion-reading-box-container reading-box-container-3 fusion-animated\" style=\"--awb-title-color:#333333;--awb-margin-top:0px;--awb-margin-bottom:20px;\" data-animationType=\"fadeInDown\" data-animationDuration=\"0.5\" data-animationOffset=\"top-into-view\"><div class=\"reading-box reading-box-center\" style=\"background-color:#f6f6f6;border-width:1px;border-color:#f6f6f6;border-bottom-width:3px;border-bottom-color:var(--primary_color);border-style:solid;\"><h2>Pr\u00e9sentation orale : Suivi de la performance des installations PV<\/h2><div class=\"reading-box-additional fusion-reading-box-additional\">Le jeudi 17 septembre, notre directeur technologique Nicolas S\u00e9bastien parlera \u00e0 12h00 de l&rsquo;expertise de Reuniwatt dans le cadre de la pr\u00e9sentation <strong><em>\u00ab\u00a0Improving PV system monitoring using big data analytics and remote sensing\u00a0\u00bb<\/em><\/strong>, dans le cadre de la conf\u00e9rence sur la performance et la fiabilit\u00e9 du PV, organis\u00e9e par la Plateforme europ\u00e9enne des technologies du photovolta\u00efque (<a href=\"http:\/\/www.eupvplatform.org\/\" target=\"_blank\" rel=\"noopener\"><em>European Photovoltaic Technology Platform<\/em><\/a>). Cette pr\u00e9sentation aura lieu dans la salle 14 du centre de conf\u00e9rences.<\/p>\n<p><img decoding=\"async\" class=\"aligncenter size-full wp-image-6072\" src=\"https:\/\/reuniwatt.com\/fr\/wp-content\/uploads\/sites\/2\/2015\/08\/Capture3.png\" alt=\"EU PVSEC 2015\" width=\"194\" height=\"95\" srcset=\"https:\/\/reuniwatt.com\/fr\/wp-content\/uploads\/sites\/2\/2015\/08\/Capture3-300x147.png 300w, https:\/\/reuniwatt.com\/fr\/wp-content\/uploads\/sites\/2\/2015\/08\/Capture3.png 580w\" sizes=\"(max-width: 194px) 100vw, 194px\" \/><br \/>\n<strong>PV System Performance and Reliability \u2013 Quo Vadis?<\/strong><br \/>\nAcc\u00e9dez au programme complet et inscrivez-vous gratuitement pour participer \u00e0 cet \u00e9v\u00e9nement<\/div><div class=\"fusion-clearfix\"><\/div><\/div><\/div>\n<\/div><\/div><div class=\"fusion-layout-column fusion_builder_column fusion-builder-column-4 fusion_builder_column_1_1 1_1 fusion-flex-column fusion-flex-align-self-flex-start fusion-column-no-min-height\" style=\"--awb-bg-size:cover;--awb-width-large:100%;--awb-margin-top-large:0px;--awb-spacing-right-large:0px;--awb-margin-bottom-large:0px;--awb-spacing-left-large:0px;--awb-width-medium:100%;--awb-spacing-right-medium:0px;--awb-spacing-left-medium:0px;--awb-width-small:100%;--awb-spacing-right-small:0px;--awb-spacing-left-small:0px;\"><div class=\"fusion-column-wrapper fusion-flex-justify-content-flex-start fusion-content-layout-column\">\n<div id=\"attachment_967\" style=\"width: 410px\" class=\"wp-caption aligncenter\"><a href=\"https:\/\/reuniwatt.com\/en\/wp-content\/uploads\/sites\/3\/2015\/08\/P1013479_small.jpg\"><img decoding=\"async\" aria-describedby=\"caption-attachment-967\" class=\"size-full wp-image-967\" src=\"https:\/\/reuniwatt.com\/en\/wp-content\/uploads\/sites\/3\/2015\/08\/P1013479_small.jpg\" alt=\"EU PVSEC 2015\" width=\"400\" height=\"247\" \/><\/a><p id=\"caption-attachment-967\" class=\"wp-caption-text\"><em>Notre \u00e9quipe \u00e0 EU PVSEC 2014<\/em><\/p><\/div>\n<p><strong>Retrouvez-nous \u00e0 PVSEC 2015<\/strong><br \/>\nNotre \u00e9quipe se fera un plaisir de vous rencontrer \u00e0 EU PVSEC 2015 ! (cliquez sur le lien ci-dessous)<\/p>\n<div style=\"text-align:center;\"><a class=\"fusion-button button-flat fusion-button-default-size button-default fusion-button-default button-2 fusion-button-default-span fusion-button-default-type\" target=\"_self\" href=\"#\" data-toggle=\"modal\" data-target=\".fusion-modal.modalcontact\"><span class=\"fusion-button-text awb-button__text awb-button__text--default\">Rencontrez-nous<\/span><\/a><\/div>\n<\/div><\/div><div class=\"fusion-layout-column fusion_builder_column fusion-builder-column-5 fusion_builder_column_1_1 1_1 fusion-flex-column fusion-flex-align-self-flex-start fusion-column-no-min-height\" style=\"--awb-bg-size:cover;--awb-width-large:100%;--awb-margin-top-large:0px;--awb-spacing-right-large:0px;--awb-margin-bottom-large:0px;--awb-spacing-left-large:0px;--awb-width-medium:100%;--awb-spacing-right-medium:0px;--awb-spacing-left-medium:0px;--awb-width-small:100%;--awb-spacing-right-small:0px;--awb-spacing-left-small:0px;\"><div class=\"fusion-column-wrapper fusion-flex-justify-content-flex-start fusion-content-layout-column\"><div class=\"fusion-modal modal fade modal-1 modalcontact\" tabindex=\"-1\" role=\"dialog\" aria-labelledby=\"modal-heading-1\" aria-hidden=\"true\" style=\"--awb-border-color:#ebebeb;--awb-background:#f6f6f6;\"><div class=\"modal-dialog modal-lg\" role=\"document\"><div class=\"modal-content fusion-modal-content\"><div class=\"modal-header\"><button class=\"close\" type=\"button\" data-dismiss=\"modal\" aria-hidden=\"true\" aria-label=\"Close\">&times;<\/button><h3 class=\"modal-title\" id=\"modal-heading-1\" data-dismiss=\"modal\" aria-hidden=\"true\">Contact us<\/h3><\/div><div class=\"modal-body fusion-clearfix\"><p class=\"wpcf7-contact-form-not-found\"><strong>Erreur\u00a0:<\/strong> Formulaire de contact non trouv\u00e9\u00a0!<\/p><\/div><div class=\"modal-footer\"><button class=\"fusion-button button-default button-medium button default medium\" type=\"button\" data-dismiss=\"modal\">Close<\/button><\/div><\/div><\/div><\/div><\/div><\/div><\/div><\/div>\n","protected":false},"excerpt":{"rendered":"<p>\u00a0 Reuniwatt participera cette ann\u00e9e encore \u00e0 la prochaine conf\u00e9rence EU PVSEC 2015, qui se d\u00e9roulera \u00e0 Hambourg (Allemagne), du 14 au 18 septembre. EU PVSEC est reconnue comme \u00e9tant la plus grande conf\u00e9rence internationale portant sur la recherche, les technologies et les applications du photovolta\u00efque.<\/p>\n","protected":false},"author":3,"featured_media":6066,"comment_status":"open","ping_status":"open","sticky":false,"template":"","format":"standard","meta":{"content-type":"","footnotes":""},"categories":[49],"tags":[85],"class_list":["post-6062","post","type-post","status-publish","format-standard","has-post-thumbnail","hentry","category-evenements","tag-eu-pvsec"],"_links":{"self":[{"href":"https:\/\/reuniwatt.com\/fr\/wp-json\/wp\/v2\/posts\/6062","targetHints":{"allow":["GET"]}}],"collection":[{"href":"https:\/\/reuniwatt.com\/fr\/wp-json\/wp\/v2\/posts"}],"about":[{"href":"https:\/\/reuniwatt.com\/fr\/wp-json\/wp\/v2\/types\/post"}],"author":[{"embeddable":true,"href":"https:\/\/reuniwatt.com\/fr\/wp-json\/wp\/v2\/users\/3"}],"replies":[{"embeddable":true,"href":"https:\/\/reuniwatt.com\/fr\/wp-json\/wp\/v2\/comments?post=6062"}],"version-history":[{"count":10,"href":"https:\/\/reuniwatt.com\/fr\/wp-json\/wp\/v2\/posts\/6062\/revisions"}],"predecessor-version":[{"id":13931,"href":"https:\/\/reuniwatt.com\/fr\/wp-json\/wp\/v2\/posts\/6062\/revisions\/13931"}],"wp:featuredmedia":[{"embeddable":true,"href":"https:\/\/reuniwatt.com\/fr\/wp-json\/wp\/v2\/media\/6066"}],"wp:attachment":[{"href":"https:\/\/reuniwatt.com\/fr\/wp-json\/wp\/v2\/media?parent=6062"}],"wp:term":[{"taxonomy":"category","embeddable":true,"href":"https:\/\/reuniwatt.com\/fr\/wp-json\/wp\/v2\/categories?post=6062"},{"taxonomy":"post_tag","embeddable":true,"href":"https:\/\/reuniwatt.com\/fr\/wp-json\/wp\/v2\/tags?post=6062"}],"curies":[{"name":"wp","href":"https:\/\/api.w.org\/{rel}","templated":true}]}}